{"id":19,"date":"2016-01-15T22:53:33","date_gmt":"2016-01-15T20:53:33","guid":{"rendered":"http:\/\/pexeli.com\/blogi\/?p=19"},"modified":"2016-11-13T20:00:24","modified_gmt":"2016-11-13T18:00:24","slug":"porkkanakeitto-inkivaarilla-ja-appelsiinilla","status":"publish","type":"post","link":"https:\/\/pexeli.com\/blogi\/porkkanakeitto-inkivaarilla-ja-appelsiinilla","title":{"rendered":"Porkkanakeitto inkiv\u00e4\u00e4rill\u00e4 ja appelsiinilla"},"content":{"rendered":"<p><a href=\"http:\/\/pexeli.com\/blogi\/wp-content\/uploads\/2016\/01\/IMG_6930.jpg\" rel=\"attachment wp-att-21\"><img loading=\"lazy\" decoding=\"async\" class=\"alignright wp-image-21 size-medium\" src=\"http:\/\/pexeli.com\/blogi\/wp-content\/uploads\/2016\/01\/IMG_6930-e1453668756256-225x300.jpg\" alt=\"Porkkanakeitto inkiv\u00e4\u00e4ril\u00e4 ja appelsiinilla\" width=\"225\" height=\"300\" srcset=\"https:\/\/pexeli.com\/blogi\/wp-content\/uploads\/2016\/01\/IMG_6930-e1453668756256-225x300.jpg 225w, https:\/\/pexeli.com\/blogi\/wp-content\/uploads\/2016\/01\/IMG_6930-e1453668756256-768x1024.jpg 768w\" sizes=\"auto, (max-width: 225px) 100vw, 225px\" \/><\/a>Porkkanakeitto on herkku! Kylmill\u00e4 ilmoilla on mukava sy\u00f6d\u00e4 keittoja. T\u00e4ss\u00e4 todellinen uutuusherkku jonka bongasin<a href=\"http:\/\/chocochili.net\/2014\/08\/inkivaari-porkkanakeitto\/\"> chocochili.net -sivuilta<\/a>.<\/p>\n<p>Porkkanakeitto on jo sellaisenaan hyv\u00e4\u00e4 mutta kun siihen laitaa inkiv\u00e4\u00e4ri\u00e4 ja hiukan chili\u00e4 ollaan todella hyv\u00e4\u00e4n suuntaan matkalla. Todellisen uutuusherkun t\u00e4st\u00e4 kuitenkin tekee appelsiini! Kyll\u00e4.<\/p>\n<p>My\u00f6nnet\u00e4\u00e4n ett\u00e4 l\u00e4mmin appelsiin ei kuulostanyt yht\u00e4\u00e4n hyv\u00e4lt\u00e4 idealta aluksi. Mutta voi pojat ett\u00e4 t\u00e4ss\u00e4 combossa se maistuu hyv\u00e4lt\u00e4.<\/p>\n<h2>Porkkanakeiton aineet:<\/h2>\n<ul>\n<li>n 1kg Porkkanoita<\/li>\n<li>2-3 Sipulia<\/li>\n<li>2 Perunaa<\/li>\n<li>4 Valkosipulin kyntt\u00e4<\/li>\n<li>3cm pala Inkiv\u00e4\u00e4ri\u00e4<\/li>\n<li>1 keskivahva Chilipalko<\/li>\n<li>1L Kasvislient\u00e4<\/li>\n<li>1\/2 Appelsiinimehu + kuori (Luomumpaa sen parempi)<\/li>\n<li>2dl Kaurakerma<\/li>\n<li>\u00d6ljy\u00e4<\/li>\n<li>Suolaa<\/li>\n<li>Pippuria<\/li>\n<\/ul>\n<ol>\n<li>Kuori ja paloittele ainekset.<\/li>\n<li>\u00d6ljy\u00e4 kattilaan ja sipulit kuullottumaan.<\/li>\n<li>Porkkanat, perunat, inkiv\u00e4\u00e4ri, chili, suola, pippuri ja puolikkaan appelsiinin kuori raasteena kattilaan kasvisliemen kanssa kiehumaan n 30min. (kun porkkanat ovat pehmeit\u00e4)<\/li>\n<li>Kattila liedelt\u00e4, kaurakerma sekaan ja sauvasekoittimella soseeksi<\/li>\n<li>Purista 1\/2 appelsiinin mehu sekaan ja viel\u00e4 v\u00e4h\u00e4n sekoittaen.<\/li>\n<\/ol>\n<p>Keiton kanssa voi ottaa lis\u00e4ksi jotain hyv\u00e4\u00e4 leip\u00e4\u00e4.<\/p>\n<p>Ja jo alkaa l\u00e4mp\u00f6 ja energia hiipim\u00e4\u00e4n j\u00e4seniin. Hyv\u00e4\u00e4 ruokahalua.<\/p>\n","protected":false},"excerpt":{"rendered":"<p>Porkkanakeitto on herkku! Kylmill\u00e4 ilmoilla on mukava sy\u00f6d\u00e4 keittoja. T\u00e4ss\u00e4 todellinen uutuusherkku jonka bongasin chocochili.net -sivuilta. Porkkanakeitto on jo sellaisenaan hyv\u00e4\u00e4 mutta kun siihen laitaa inkiv\u00e4\u00e4ri\u00e4 ja hiukan chili\u00e4 ollaan todella hyv\u00e4\u00e4n suuntaan matkalla. Todellisen uutuusherkun t\u00e4st\u00e4 kuitenkin tekee appelsiini! Kyll\u00e4. My\u00f6nnet\u00e4\u00e4n ett\u00e4 l\u00e4mmin appelsiin ei kuulostanyt yht\u00e4\u00e4n hyv\u00e4lt\u00e4 idealta aluksi. Mutta voi pojat ett\u00e4 &#8230; <\/p>\n<p class=\"read-more-container\"><a title=\"Porkkanakeitto inkiv\u00e4\u00e4rill\u00e4 ja appelsiinilla\" class=\"read-more button\" href=\"https:\/\/pexeli.com\/blogi\/porkkanakeitto-inkivaarilla-ja-appelsiinilla#more-19\" aria-label=\"Read more about Porkkanakeitto inkiv\u00e4\u00e4rill\u00e4 ja appelsiinilla\">Read more<\/a><\/p>\n","protected":false},"author":2,"featured_media":0,"comment_status":"open","ping_status":"open","sticky":false,"template":"","format":"standard","meta":{"footnotes":""},"categories":[3],"tags":[10,12,9,8,11],"class_list":["post-19","post","type-post","status-publish","format-standard","hentry","category-ravinto","tag-appelsiini","tag-chili","tag-inkivaari","tag-keitto","tag-porkkana","generate-columns","tablet-grid-50","mobile-grid-100","grid-parent","grid-50"],"yoast_head":"<!-- This site is optimized with the Yoast SEO plugin v24.2 - https:\/\/yoast.com\/wordpress\/plugins\/seo\/ -->\n<title>Porkkanakeitto inkiv\u00e4\u00e4rill\u00e4 ja appelsiinilla - Innostumista ajassa<\/title>\n<meta name=\"description\" content=\"Porkkanakeitto on jo sellaisenaan hyv\u00e4\u00e4 mutta kun siihen laitaa inkiv\u00e4\u00e4ri\u00e4 ja hiukan chili\u00e4 ollaan todella hyv\u00e4n \u00e4\u00e4rell\u00e4. Todellisen herkun siit\u00e4 tekee...\" \/>\n<meta name=\"robots\" content=\"index, follow, max-snippet:-1, max-image-preview:large, max-video-preview:-1\" \/>\n<link rel=\"canonical\" href=\"https:\/\/pexeli.com\/blogi\/porkkanakeitto-inkivaarilla-ja-appelsiinilla\" \/>\n<meta property=\"og:locale\" content=\"en_GB\" \/>\n<meta property=\"og:type\" content=\"article\" \/>\n<meta property=\"og:title\" content=\"Porkkanakeitto inkiv\u00e4\u00e4rill\u00e4 ja appelsiinilla - Innostumista ajassa\" \/>\n<meta property=\"og:description\" content=\"Porkkanakeitto on jo sellaisenaan hyv\u00e4\u00e4 mutta kun siihen laitaa inkiv\u00e4\u00e4ri\u00e4 ja hiukan chili\u00e4 ollaan todella hyv\u00e4n \u00e4\u00e4rell\u00e4. Todellisen herkun siit\u00e4 tekee...\" \/>\n<meta property=\"og:url\" content=\"https:\/\/pexeli.com\/blogi\/porkkanakeitto-inkivaarilla-ja-appelsiinilla\" \/>\n<meta property=\"og:site_name\" content=\"Innostumista ajassa\" \/>\n<meta property=\"article:published_time\" content=\"2016-01-15T20:53:33+00:00\" \/>\n<meta property=\"article:modified_time\" content=\"2016-11-13T18:00:24+00:00\" \/>\n<meta property=\"og:image\" content=\"http:\/\/pexeli.com\/blogi\/wp-content\/uploads\/2016\/01\/IMG_6930-e1453668756256-225x300.jpg\" \/>\n<meta name=\"author\" content=\"Pekka\" \/>\n<meta name=\"twitter:card\" content=\"summary_large_image\" \/>\n<meta name=\"twitter:creator\" content=\"@https:\/\/twitter.com\/PekkaKarhu\" \/>\n<meta name=\"twitter:label1\" content=\"Written by\" \/>\n\t<meta name=\"twitter:data1\" content=\"Pekka\" \/>\n\t<meta name=\"twitter:label2\" content=\"Estimated reading time\" \/>\n\t<meta name=\"twitter:data2\" content=\"1 minute\" \/>\n<script type=\"application\/ld+json\" class=\"yoast-schema-graph\">{\"@context\":\"https:\/\/schema.org\",\"@graph\":[{\"@type\":\"WebPage\",\"@id\":\"https:\/\/pexeli.com\/blogi\/porkkanakeitto-inkivaarilla-ja-appelsiinilla\",\"url\":\"https:\/\/pexeli.com\/blogi\/porkkanakeitto-inkivaarilla-ja-appelsiinilla\",\"name\":\"Porkkanakeitto inkiv\u00e4\u00e4rill\u00e4 ja appelsiinilla - Innostumista ajassa\",\"isPartOf\":{\"@id\":\"https:\/\/pexeli.com\/blogi\/#website\"},\"primaryImageOfPage\":{\"@id\":\"https:\/\/pexeli.com\/blogi\/porkkanakeitto-inkivaarilla-ja-appelsiinilla#primaryimage\"},\"image\":{\"@id\":\"https:\/\/pexeli.com\/blogi\/porkkanakeitto-inkivaarilla-ja-appelsiinilla#primaryimage\"},\"thumbnailUrl\":\"http:\/\/pexeli.com\/blogi\/wp-content\/uploads\/2016\/01\/IMG_6930-e1453668756256-225x300.jpg\",\"datePublished\":\"2016-01-15T20:53:33+00:00\",\"dateModified\":\"2016-11-13T18:00:24+00:00\",\"author\":{\"@id\":\"https:\/\/pexeli.com\/blogi\/#\/schema\/person\/c641c9c18167e44bf7368a3440fafcaa\"},\"description\":\"Porkkanakeitto on jo sellaisenaan hyv\u00e4\u00e4 mutta kun siihen laitaa inkiv\u00e4\u00e4ri\u00e4 ja hiukan chili\u00e4 ollaan todella hyv\u00e4n \u00e4\u00e4rell\u00e4. Todellisen herkun siit\u00e4 tekee...\",\"breadcrumb\":{\"@id\":\"https:\/\/pexeli.com\/blogi\/porkkanakeitto-inkivaarilla-ja-appelsiinilla#breadcrumb\"},\"inLanguage\":\"en-GB\",\"potentialAction\":[{\"@type\":\"ReadAction\",\"target\":[\"https:\/\/pexeli.com\/blogi\/porkkanakeitto-inkivaarilla-ja-appelsiinilla\"]}]},{\"@type\":\"ImageObject\",\"inLanguage\":\"en-GB\",\"@id\":\"https:\/\/pexeli.com\/blogi\/porkkanakeitto-inkivaarilla-ja-appelsiinilla#primaryimage\",\"url\":\"https:\/\/pexeli.com\/blogi\/wp-content\/uploads\/2016\/01\/IMG_6930-e1453668756256.jpg\",\"contentUrl\":\"https:\/\/pexeli.com\/blogi\/wp-content\/uploads\/2016\/01\/IMG_6930-e1453668756256.jpg\",\"width\":2448,\"height\":3263,\"caption\":\"Porkkanakeittoa inkiv\u00e4\u00e4ril\u00e4 ja appelsiinilla\"},{\"@type\":\"BreadcrumbList\",\"@id\":\"https:\/\/pexeli.com\/blogi\/porkkanakeitto-inkivaarilla-ja-appelsiinilla#breadcrumb\",\"itemListElement\":[{\"@type\":\"ListItem\",\"position\":1,\"name\":\"Home\",\"item\":\"https:\/\/pexeli.com\/blogi\"},{\"@type\":\"ListItem\",\"position\":2,\"name\":\"Porkkanakeitto inkiv\u00e4\u00e4rill\u00e4 ja appelsiinilla\"}]},{\"@type\":\"WebSite\",\"@id\":\"https:\/\/pexeli.com\/blogi\/#website\",\"url\":\"https:\/\/pexeli.com\/blogi\/\",\"name\":\"Innostumista ajassa\",\"description\":\"\u00c4\u00e4neen ajattelua kaikesta mist\u00e4 milloinkin olen kiinnostunut.\",\"potentialAction\":[{\"@type\":\"SearchAction\",\"target\":{\"@type\":\"EntryPoint\",\"urlTemplate\":\"https:\/\/pexeli.com\/blogi\/?s={search_term_string}\"},\"query-input\":{\"@type\":\"PropertyValueSpecification\",\"valueRequired\":true,\"valueName\":\"search_term_string\"}}],\"inLanguage\":\"en-GB\"},{\"@type\":\"Person\",\"@id\":\"https:\/\/pexeli.com\/blogi\/#\/schema\/person\/c641c9c18167e44bf7368a3440fafcaa\",\"name\":\"Pekka\",\"image\":{\"@type\":\"ImageObject\",\"inLanguage\":\"en-GB\",\"@id\":\"https:\/\/pexeli.com\/blogi\/#\/schema\/person\/image\/\",\"url\":\"https:\/\/secure.gravatar.com\/avatar\/2694d78435639a63967c5d1f2b0bba83?s=96&d=mm&r=g\",\"contentUrl\":\"https:\/\/secure.gravatar.com\/avatar\/2694d78435639a63967c5d1f2b0bba83?s=96&d=mm&r=g\",\"caption\":\"Pekka\"},\"description\":\"On syntym\u00e4utelias, liikunnasta, rakentamisesta, terveydest\u00e4, markkinoinnista ja digitaalisuudesta kiinnostunut digitaalisten palveluiden kehitt\u00e4j\u00e4. Kirjoittaa t\u00e4nne asioista jotka kiinnostavat t\u00e4ll\u00e4 hetkell\u00e4.\",\"sameAs\":[\"https:\/\/x.com\/https:\/\/twitter.com\/PekkaKarhu\",\"https:\/\/www.youtube.com\/user\/pekkakarhu\"]}]}<\/script>\n<!-- \/ Yoast SEO plugin. -->","yoast_head_json":{"title":"Porkkanakeitto inkiv\u00e4\u00e4rill\u00e4 ja appelsiinilla - Innostumista ajassa","description":"Porkkanakeitto on jo sellaisenaan hyv\u00e4\u00e4 mutta kun siihen laitaa inkiv\u00e4\u00e4ri\u00e4 ja hiukan chili\u00e4 ollaan todella hyv\u00e4n \u00e4\u00e4rell\u00e4. Todellisen herkun siit\u00e4 tekee...","robots":{"index":"index","follow":"follow","max-snippet":"max-snippet:-1","max-image-preview":"max-image-preview:large","max-video-preview":"max-video-preview:-1"},"canonical":"https:\/\/pexeli.com\/blogi\/porkkanakeitto-inkivaarilla-ja-appelsiinilla","og_locale":"en_GB","og_type":"article","og_title":"Porkkanakeitto inkiv\u00e4\u00e4rill\u00e4 ja appelsiinilla - Innostumista ajassa","og_description":"Porkkanakeitto on jo sellaisenaan hyv\u00e4\u00e4 mutta kun siihen laitaa inkiv\u00e4\u00e4ri\u00e4 ja hiukan chili\u00e4 ollaan todella hyv\u00e4n \u00e4\u00e4rell\u00e4. Todellisen herkun siit\u00e4 tekee...","og_url":"https:\/\/pexeli.com\/blogi\/porkkanakeitto-inkivaarilla-ja-appelsiinilla","og_site_name":"Innostumista ajassa","article_published_time":"2016-01-15T20:53:33+00:00","article_modified_time":"2016-11-13T18:00:24+00:00","og_image":[{"url":"http:\/\/pexeli.com\/blogi\/wp-content\/uploads\/2016\/01\/IMG_6930-e1453668756256-225x300.jpg","type":"","width":"","height":""}],"author":"Pekka","twitter_card":"summary_large_image","twitter_creator":"@https:\/\/twitter.com\/PekkaKarhu","twitter_misc":{"Written by":"Pekka","Estimated reading time":"1 minute"},"schema":{"@context":"https:\/\/schema.org","@graph":[{"@type":"WebPage","@id":"https:\/\/pexeli.com\/blogi\/porkkanakeitto-inkivaarilla-ja-appelsiinilla","url":"https:\/\/pexeli.com\/blogi\/porkkanakeitto-inkivaarilla-ja-appelsiinilla","name":"Porkkanakeitto inkiv\u00e4\u00e4rill\u00e4 ja appelsiinilla - Innostumista ajassa","isPartOf":{"@id":"https:\/\/pexeli.com\/blogi\/#website"},"primaryImageOfPage":{"@id":"https:\/\/pexeli.com\/blogi\/porkkanakeitto-inkivaarilla-ja-appelsiinilla#primaryimage"},"image":{"@id":"https:\/\/pexeli.com\/blogi\/porkkanakeitto-inkivaarilla-ja-appelsiinilla#primaryimage"},"thumbnailUrl":"http:\/\/pexeli.com\/blogi\/wp-content\/uploads\/2016\/01\/IMG_6930-e1453668756256-225x300.jpg","datePublished":"2016-01-15T20:53:33+00:00","dateModified":"2016-11-13T18:00:24+00:00","author":{"@id":"https:\/\/pexeli.com\/blogi\/#\/schema\/person\/c641c9c18167e44bf7368a3440fafcaa"},"description":"Porkkanakeitto on jo sellaisenaan hyv\u00e4\u00e4 mutta kun siihen laitaa inkiv\u00e4\u00e4ri\u00e4 ja hiukan chili\u00e4 ollaan todella hyv\u00e4n \u00e4\u00e4rell\u00e4. Todellisen herkun siit\u00e4 tekee...","breadcrumb":{"@id":"https:\/\/pexeli.com\/blogi\/porkkanakeitto-inkivaarilla-ja-appelsiinilla#breadcrumb"},"inLanguage":"en-GB","potentialAction":[{"@type":"ReadAction","target":["https:\/\/pexeli.com\/blogi\/porkkanakeitto-inkivaarilla-ja-appelsiinilla"]}]},{"@type":"ImageObject","inLanguage":"en-GB","@id":"https:\/\/pexeli.com\/blogi\/porkkanakeitto-inkivaarilla-ja-appelsiinilla#primaryimage","url":"https:\/\/pexeli.com\/blogi\/wp-content\/uploads\/2016\/01\/IMG_6930-e1453668756256.jpg","contentUrl":"https:\/\/pexeli.com\/blogi\/wp-content\/uploads\/2016\/01\/IMG_6930-e1453668756256.jpg","width":2448,"height":3263,"caption":"Porkkanakeittoa inkiv\u00e4\u00e4ril\u00e4 ja appelsiinilla"},{"@type":"BreadcrumbList","@id":"https:\/\/pexeli.com\/blogi\/porkkanakeitto-inkivaarilla-ja-appelsiinilla#breadcrumb","itemListElement":[{"@type":"ListItem","position":1,"name":"Home","item":"https:\/\/pexeli.com\/blogi"},{"@type":"ListItem","position":2,"name":"Porkkanakeitto inkiv\u00e4\u00e4rill\u00e4 ja appelsiinilla"}]},{"@type":"WebSite","@id":"https:\/\/pexeli.com\/blogi\/#website","url":"https:\/\/pexeli.com\/blogi\/","name":"Innostumista ajassa","description":"\u00c4\u00e4neen ajattelua kaikesta mist\u00e4 milloinkin olen kiinnostunut.","potentialAction":[{"@type":"SearchAction","target":{"@type":"EntryPoint","urlTemplate":"https:\/\/pexeli.com\/blogi\/?s={search_term_string}"},"query-input":{"@type":"PropertyValueSpecification","valueRequired":true,"valueName":"search_term_string"}}],"inLanguage":"en-GB"},{"@type":"Person","@id":"https:\/\/pexeli.com\/blogi\/#\/schema\/person\/c641c9c18167e44bf7368a3440fafcaa","name":"Pekka","image":{"@type":"ImageObject","inLanguage":"en-GB","@id":"https:\/\/pexeli.com\/blogi\/#\/schema\/person\/image\/","url":"https:\/\/secure.gravatar.com\/avatar\/2694d78435639a63967c5d1f2b0bba83?s=96&d=mm&r=g","contentUrl":"https:\/\/secure.gravatar.com\/avatar\/2694d78435639a63967c5d1f2b0bba83?s=96&d=mm&r=g","caption":"Pekka"},"description":"On syntym\u00e4utelias, liikunnasta, rakentamisesta, terveydest\u00e4, markkinoinnista ja digitaalisuudesta kiinnostunut digitaalisten palveluiden kehitt\u00e4j\u00e4. Kirjoittaa t\u00e4nne asioista jotka kiinnostavat t\u00e4ll\u00e4 hetkell\u00e4.","sameAs":["https:\/\/x.com\/https:\/\/twitter.com\/PekkaKarhu","https:\/\/www.youtube.com\/user\/pekkakarhu"]}]}},"_links":{"self":[{"href":"https:\/\/pexeli.com\/blogi\/wp-json\/wp\/v2\/posts\/19","targetHints":{"allow":["GET"]}}],"collection":[{"href":"https:\/\/pexeli.com\/blogi\/wp-json\/wp\/v2\/posts"}],"about":[{"href":"https:\/\/pexeli.com\/blogi\/wp-json\/wp\/v2\/types\/post"}],"author":[{"embeddable":true,"href":"https:\/\/pexeli.com\/blogi\/wp-json\/wp\/v2\/users\/2"}],"replies":[{"embeddable":true,"href":"https:\/\/pexeli.com\/blogi\/wp-json\/wp\/v2\/comments?post=19"}],"version-history":[{"count":6,"href":"https:\/\/pexeli.com\/blogi\/wp-json\/wp\/v2\/posts\/19\/revisions"}],"predecessor-version":[{"id":35,"href":"https:\/\/pexeli.com\/blogi\/wp-json\/wp\/v2\/posts\/19\/revisions\/35"}],"wp:attachment":[{"href":"https:\/\/pexeli.com\/blogi\/wp-json\/wp\/v2\/media?parent=19"}],"wp:term":[{"taxonomy":"category","embeddable":true,"href":"https:\/\/pexeli.com\/blogi\/wp-json\/wp\/v2\/categories?post=19"},{"taxonomy":"post_tag","embeddable":true,"href":"https:\/\/pexeli.com\/blogi\/wp-json\/wp\/v2\/tags?post=19"}],"curies":[{"name":"wp","href":"https:\/\/api.w.org\/{rel}","templated":true}]}}